{"id":411,"date":"2017-12-28T19:35:45","date_gmt":"2017-12-28T18:35:45","guid":{"rendered":"http:\/\/www.vespaklubzagreb.hr\/?p=411"},"modified":"2017-12-28T19:39:44","modified_gmt":"2017-12-28T18:39:44","slug":"djedice-na-vespama","status":"publish","type":"post","link":"https:\/\/www.vespaklubzagreb.hr\/wp\/djedice-na-vespama\/","title":{"rendered":"Djedice na Vespama"},"content":{"rendered":"<p><a href=\"http:\/\/www.vespaklubzagreb.hr\/wp\/wp-content\/uploads\/2017\/12\/20171226_165400-e1514485889464.jpg\"><img loading=\"lazy\" class=\"size-medium wp-image-412 alignleft\" src=\"http:\/\/www.vespaklubzagreb.hr\/wp\/wp-content\/uploads\/2017\/12\/20171226_165400-e1514485889464-300x158.jpg\" alt=\"\" width=\"300\" height=\"158\" srcset=\"https:\/\/www.vespaklubzagreb.hr\/wp\/wp-content\/uploads\/2017\/12\/20171226_165400-e1514485889464-300x158.jpg 300w, https:\/\/www.vespaklubzagreb.hr\/wp\/wp-content\/uploads\/2017\/12\/20171226_165400-e1514485889464-768x403.jpg 768w, https:\/\/www.vespaklubzagreb.hr\/wp\/wp-content\/uploads\/2017\/12\/20171226_165400-e1514485889464-1024x538.jpg 1024w, https:\/\/www.vespaklubzagreb.hr\/wp\/wp-content\/uploads\/2017\/12\/20171226_165400-e1514485889464.jpg 1200w\" sizes=\"(max-width: 300px) 100vw, 300px\" \/><\/a>Sijedi djedica sa dugom sijedom bradom u crvenom odijelu, poznatiji kao Djed Bo\u017ei\u0107njak, svake godine upravo u ovo bo\u017ei\u0107no vrijeme uveseljava i daruje djecu i ljude dobre volje diljem Svijeta. Kada se Djed Bo\u017ei\u0107njak i to njih nekoliko umjesto saonicama koje vuku sobovi dovezu na Vespi, dodatno izazivaju osmjeh na licu i radost u srcu. Ne samo djece i slu\u010dajnih prolaznika, ve\u0107 i samih \u201edjedica\u201c na Vespama\u2026<\/p>\n<p><!--more--><br \/>\n<a href=\"http:\/\/www.vespaklubzagreb.hr\/wp\/wp-content\/uploads\/2017\/12\/20171226_163125-e1514486125761.jpg\"><img loading=\"lazy\" class=\"size-medium wp-image-414 alignright\" src=\"http:\/\/www.vespaklubzagreb.hr\/wp\/wp-content\/uploads\/2017\/12\/20171226_163125-e1514486115568-300x207.jpg\" alt=\"\" width=\"300\" height=\"207\" \/><\/a>\u010clanovi Vespa kluba Zagreb su, u utorak 26.12.2017. godine upravo na taj na\u010din, ve\u0107 tradicionalno, u kostimima Djeda Bo\u017ei\u0107njaka odvozili svoju zajedni\u010dku vo\u017enju gradom. Iskoristili smo slobodno poslijepodne, vjerojatno jednog od posljednjih suhih i relativno toplijih dana u godini, okupili se ispred HNK sa na\u0161im Vespama te odvozili zajedni\u010dki \u0111ir gradom uz odobravanje, fotografiranje i pozdrave mnogih turista i posjetitelja zagreba\u010dkog adventa.<br \/>\nNakon vo\u017enje lampicama i bo\u017ei\u0107nim ukrasima oki\u0107enim gradom te fotografiranja na poznatim zagreba\u010dkim lokacijama, okrijepili smo se i zagrijali uz kuhano vino na jednoj od adventskih ku\u0107ica. Zvukove praporaca i zvon\u010di\u0107a zamijenio je nama toliko drag i poznat Vespa zvuk, umjesto mirisa cimeta i kuhanog vina osjetio se miris dvotaktola a Vespa \u201edjedice\u201c oti\u0161li su u no\u0107\u2026<br \/>\nU posljednjim danima stare od koje se opra\u0161tamo, \u017eelimo vam zdravu i uspje\u0161nu Novu 2018. godinu, te da se dogodine okupimo u jo\u0161 ve\u0107em broju na ovom tradicionalnom dru\u017eenju.<\/p>\n<p>Robert Bali\u0107, Dopredsjednik kluba<\/p>\n","protected":false},"excerpt":{"rendered":"<p>Sijedi djedica sa dugom sijedom bradom u crvenom odijelu, poznatiji kao Djed Bo\u017ei\u0107njak, svake godine upravo u ovo bo\u017ei\u0107no vrijeme uveseljava i daruje djecu i ljude dobre volje diljem Svijeta. Kada se Djed Bo\u017ei\u0107njak i to njih nekoliko umjesto saonicama koje vuku sobovi dovezu na Vespi, dodatno izazivaju osmjeh na licu i radost u srcu.&hellip; <a href=\"https:\/\/www.vespaklubzagreb.hr\/wp\/djedice-na-vespama\/\" class=\"more-link\">Continue reading <span class=\"screen-reader-text\">Djedice na Vespama<\/span><\/a><\/p>\n","protected":false},"author":1,"featured_media":0,"comment_status":"open","ping_status":"closed","sticky":false,"template":"","format":"standard","meta":[],"categories":[3],"tags":[],"_links":{"self":[{"href":"https:\/\/www.vespaklubzagreb.hr\/wp\/wp-json\/wp\/v2\/posts\/411"}],"collection":[{"href":"https:\/\/www.vespaklubzagreb.hr\/wp\/wp-json\/wp\/v2\/posts"}],"about":[{"href":"https:\/\/www.vespaklubzagreb.hr\/wp\/wp-json\/wp\/v2\/types\/post"}],"author":[{"embeddable":true,"href":"https:\/\/www.vespaklubzagreb.hr\/wp\/wp-json\/wp\/v2\/users\/1"}],"replies":[{"embeddable":true,"href":"https:\/\/www.vespaklubzagreb.hr\/wp\/wp-json\/wp\/v2\/comments?post=411"}],"version-history":[{"count":2,"href":"https:\/\/www.vespaklubzagreb.hr\/wp\/wp-json\/wp\/v2\/posts\/411\/revisions"}],"predecessor-version":[{"id":415,"href":"https:\/\/www.vespaklubzagreb.hr\/wp\/wp-json\/wp\/v2\/posts\/411\/revisions\/415"}],"wp:attachment":[{"href":"https:\/\/www.vespaklubzagreb.hr\/wp\/wp-json\/wp\/v2\/media?parent=411"}],"wp:term":[{"taxonomy":"category","embeddable":true,"href":"https:\/\/www.vespaklubzagreb.hr\/wp\/wp-json\/wp\/v2\/categories?post=411"},{"taxonomy":"post_tag","embeddable":true,"href":"https:\/\/www.vespaklubzagreb.hr\/wp\/wp-json\/wp\/v2\/tags?post=411"}],"curies":[{"name":"wp","href":"https:\/\/api.w.org\/{rel}","templated":true}]}}